{"id":7271,"date":"2026-04-24T16:29:06","date_gmt":"2026-04-24T16:29:06","guid":{"rendered":"https:\/\/klubsmaja.lv\/?p=7271"},"modified":"2026-04-24T16:31:40","modified_gmt":"2026-04-24T16:31:40","slug":"skolu-vizite-rigas-21-vidusskola","status":"publish","type":"post","link":"https:\/\/klubsmaja.lv\/en\/skolu-vizite-rigas-21-vidusskola\/","title":{"rendered":"Skolu viz\u012bte R\u012bgas 21. vidusskol\u0101"},"content":{"rendered":"<p>24. apr\u012bl\u012b norisin\u0101j\u0101s viz\u012bte, kuras laik\u0101 dal\u012bbniekiem bija iesp\u0113ja iepaz\u012bt pla\u0161\u0101k Eiropas Savien\u012bbas darb\u012bbu, t\u0101s noz\u012bmi ikdienas procesos, k\u0101 ar\u012b jaunie\u0161u un sabiedr\u012bbas iesaistes iesp\u0113jas da\u017e\u0101dos l\u012bme\u0146os.<\/p><p>Viz\u012btes laik\u0101 notika sarunas un diskusijas par Eiropas Savien\u012bbas v\u0113rt\u012bb\u0101m, galvenajiem darb\u012bbas virzieniem un aktu\u0101lajiem izaicin\u0101jumiem. Tika piev\u0113rsta uzman\u012bba tam, k\u0101 Eiropas Savien\u012bbas l\u0113mumi ietekm\u0113 sabiedr\u012bbu gan viet\u0113j\u0101, gan starptautisk\u0101 m\u0113rog\u0101, k\u0101 ar\u012b tika apl\u016bkotas iesp\u0113jas ikvienam akt\u012bvi iesaist\u012bties demokr\u0101tiskajos procesos.<\/p><p>\u012apa\u0161a uzman\u012bba tika velt\u012bta l\u012bdzdal\u012bbas iesp\u0113j\u0101m jaunie\u0161iem &#8211; br\u012bvpr\u0101t\u012bgajam darbam, jaunatnes projektiem, iniciat\u012bv\u0101m, pilsoniskajai iesaistei un cit\u0101m aktivit\u0101t\u0113m, kas sniedz iesp\u0113ju att\u012bst\u012bt prasmes, g\u016bt starptautisku pieredzi un l\u012bdzdarboties sabiedr\u012bbas att\u012bst\u012bb\u0101. Dal\u012bbniekiem bija iesp\u0113ja uzdot jaut\u0101jumus, dal\u012bties viedok\u013cos un g\u016bt pla\u0161\u0101ku izpratni par to, k\u0101 Eiropas Savien\u012bba pied\u0101v\u0101 da\u017e\u0101dus r\u012bkus akt\u012bvai iesaistei.<\/p><p>Viz\u012bte sniedza v\u0113rt\u012bgu ieskatu Eiropas Savien\u012bbas darb\u012bb\u0101 un iedro\u0161in\u0101ja dom\u0101t par savu lomu sabiedr\u012bb\u0101, izmantojot pieejam\u0101s l\u012bdzdal\u012bbas un att\u012bst\u012bbas iesp\u0113jas gan viet\u0113j\u0101, gan Eiropas l\u012bmen\u012b.<\/p><p><em>Aktivit\u0101te tiek \u012bstenota izgl\u012bt\u012bbas un zin\u0101tnes ministrijas Jaunatnes politikas valsts programmas 2025.\u20132026. gadam valsts bud\u017eeta finans\u0113juma ietvaros. Aktivit\u0101te Nr. 4. Iek\u0101p \u201cIesp\u0113ju\u201d kurp\u0113s \u2013 Viz\u012bte R\u012bgas 21. vidusskol\u0101 #1 (24.04.2026)<\/em><\/p>","protected":false},"excerpt":{"rendered":"<p>24. apr\u012bl\u012b norisin\u0101j\u0101s viz\u012bte, kuras laik\u0101 dal\u012bbniekiem bija iesp\u0113ja iepaz\u012bt pla\u0161\u0101k Eiropas Savien\u012bbas darb\u012bbu, t\u0101s noz\u012bmi ikdienas procesos, k\u0101 ar\u012b jaunie\u0161u un sabiedr\u012bbas iesaistes iesp\u0113jas da\u017e\u0101dos l\u012bme\u0146os. Viz\u012btes laik\u0101 notika sarunas un diskusijas par Eiropas Savien\u012bbas v\u0113rt\u012bb\u0101m, galvenajiem darb\u012bbas virzieniem un aktu\u0101lajiem izaicin\u0101jumiem. Tika piev\u0113rsta uzman\u012bba tam, k\u0101 Eiropas Savien\u012bbas l\u0113mumi ietekm\u0113 sabiedr\u012bbu gan viet\u0113j\u0101, gan starptautisk\u0101 m\u0113rog\u0101, k\u0101 ar\u012b tika apl\u016bkotas iesp\u0113jas ikvienam akt\u012bvi iesaist\u012bties demokr\u0101tiskajos procesos. \u012apa\u0161a uzman\u012bba tika velt\u012bta l\u012bdzdal\u012bbas iesp\u0113j\u0101m jaunie\u0161iem &#8211; br\u012bvpr\u0101t\u012bgajam darbam, jaunatnes projektiem, iniciat\u012bv\u0101m, pilsoniskajai iesaistei un cit\u0101m aktivit\u0101t\u0113m, kas sniedz iesp\u0113ju att\u012bst\u012bt prasmes, g\u016bt starptautisku pieredzi un l\u012bdzdarboties sabiedr\u012bbas att\u012bst\u012bb\u0101. Dal\u012bbniekiem bija iesp\u0113ja uzdot jaut\u0101jumus, dal\u012bties viedok\u013cos un g\u016bt pla\u0161\u0101ku izpratni par to, k\u0101 Eiropas Savien\u012bba pied\u0101v\u0101 da\u017e\u0101dus r\u012bkus akt\u012bvai iesaistei. Viz\u012bte sniedza v\u0113rt\u012bgu ieskatu Eiropas Savien\u012bbas darb\u012bb\u0101 un iedro\u0161in\u0101ja dom\u0101t par savu lomu sabiedr\u012bb\u0101, izmantojot pieejam\u0101s l\u012bdzdal\u012bbas un att\u012bst\u012bbas iesp\u0113jas gan viet\u0113j\u0101, gan Eiropas l\u012bmen\u012b. Aktivit\u0101te tiek \u012bstenota izgl\u012bt\u012bbas un zin\u0101tnes ministrijas Jaunatnes politikas valsts programmas 2025.\u20132026. gadam valsts bud\u017eeta finans\u0113juma ietvaros. Aktivit\u0101te Nr. 4. Iek\u0101p \u201cIesp\u0113ju\u201d kurp\u0113s \u2013 Viz\u012bte R\u012bgas 21. vidusskol\u0101 #1 (24.04.2026)<\/p>","protected":false},"author":1,"featured_media":7272,"comment_status":"open","ping_status":"open","sticky":false,"template":"","format":"standard","meta":{"om_disable_all_campaigns":false,"_uf_show_specific_survey":0,"_uf_disable_surveys":false,"footnotes":""},"categories":[1],"tags":[],"class_list":["post-7271","post","type-post","status-publish","format-standard","has-post-thumbnail","hentry","category-blog"],"aioseo_notices":[],"_links":{"self":[{"href":"https:\/\/klubsmaja.lv\/en\/wp-json\/wp\/v2\/posts\/7271"}],"collection":[{"href":"https:\/\/klubsmaja.lv\/en\/wp-json\/wp\/v2\/posts"}],"about":[{"href":"https:\/\/klubsmaja.lv\/en\/wp-json\/wp\/v2\/types\/post"}],"author":[{"embeddable":true,"href":"https:\/\/klubsmaja.lv\/en\/wp-json\/wp\/v2\/users\/1"}],"replies":[{"embeddable":true,"href":"https:\/\/klubsmaja.lv\/en\/wp-json\/wp\/v2\/comments?post=7271"}],"version-history":[{"count":3,"href":"https:\/\/klubsmaja.lv\/en\/wp-json\/wp\/v2\/posts\/7271\/revisions"}],"predecessor-version":[{"id":7275,"href":"https:\/\/klubsmaja.lv\/en\/wp-json\/wp\/v2\/posts\/7271\/revisions\/7275"}],"wp:featuredmedia":[{"embeddable":true,"href":"https:\/\/klubsmaja.lv\/en\/wp-json\/wp\/v2\/media\/7272"}],"wp:attachment":[{"href":"https:\/\/klubsmaja.lv\/en\/wp-json\/wp\/v2\/media?parent=7271"}],"wp:term":[{"taxonomy":"category","embeddable":true,"href":"https:\/\/klubsmaja.lv\/en\/wp-json\/wp\/v2\/categories?post=7271"},{"taxonomy":"post_tag","embeddable":true,"href":"https:\/\/klubsmaja.lv\/en\/wp-json\/wp\/v2\/tags?post=7271"}],"curies":[{"name":"wp","href":"https:\/\/api.w.org\/{rel}","templated":true}]}}